{"id":1,"date":"2016-05-10T03:48:21","date_gmt":"2016-05-10T03:48:21","guid":{"rendered":"http:\/\/wp452m.a10-52-158-154.qa.plesk.ru\/wordpress\/?p=1"},"modified":"2016-08-08T18:55:05","modified_gmt":"2016-08-08T16:55:05","slug":"hello-world","status":"publish","type":"post","link":"https:\/\/www.ai-le.de\/?p=1","title":{"rendered":"Reden f\u00fcr Menschlichkeit"},"content":{"rendered":"<div id=\"attachment_73\" style=\"width: 398px\" class=\"wp-caption alignleft\"><img loading=\"lazy\" decoding=\"async\" aria-describedby=\"caption-attachment-73\" class=\"wp-image-73 \" src=\"http:\/\/www.ai-le.de\/wp-content\/uploads\/2016\/08\/Mund-auf-f\u00fcr-Menschlichkeit-300x161.jpg\" alt=\"Event im Juni 2016 - Mund auf f\u00fcr Menschlichkeit - Schweigen war gestern\" width=\"388\" height=\"208\" srcset=\"https:\/\/www.ai-le.de\/wp-content\/uploads\/2016\/08\/Mund-auf-f\u00fcr-Menschlichkeit-300x161.jpg 300w, https:\/\/www.ai-le.de\/wp-content\/uploads\/2016\/08\/Mund-auf-f\u00fcr-Menschlichkeit-768x412.jpg 768w, https:\/\/www.ai-le.de\/wp-content\/uploads\/2016\/08\/Mund-auf-f\u00fcr-Menschlichkeit-1024x549.jpg 1024w\" sizes=\"(max-width: 388px) 100vw, 388px\" \/><p id=\"caption-attachment-73\" class=\"wp-caption-text\">Veranstaltung im Juni 2016 &#8211; Mund auf f\u00fcr Menschlichkeit &#8211; Schweigen war gestern<\/p><\/div>\n<p>Bei der Veranstaltung &#8222;Mund auf\u00a0 f\u00fcr Menschlichkeit &#8211; Schweigen war gestern&#8220; in der Filderhalle Leinfelden am 14. Juni 2016 waren ca. 200 G\u00e4ste anwesend.<\/p>\n<p>Zuschauer Diethelm Boldt, Pr\u00e4sident Freelancer International e.V.: \u201eIch bin ganz begeistert von dem herausragenden Abend mit all den bekannten Referenten und dem tollen Rahmenprogramm. Herzlichen Dank f\u00fcr die super Organisation! Man sp\u00fcrte richtig, wie jeder einzelne Referent mit vollem Herzblut zum Thema \u201aMund auf f\u00fcr Menschlichkeit\u2018 steht. Die einzelnen Aussagen sprachen f\u00fcr sich und haben einen inspiriert, sich dem Thema Mund auf f\u00fcr Menschlichkeit aktiv anzunehmen. Beeindruckend war, wie die Teilnehmer auch noch nach der Veranstaltung dazu viele anregende Diskussionen gef\u00fchrt haben. So eine Veranstaltung sollte wieder sein!\u201c<\/p>\n<p><strong><img loading=\"lazy\" decoding=\"async\" class=\"wp-image-106 alignleft\" src=\"http:\/\/www.ai-le.de\/wp-content\/uploads\/2016\/08\/IMG_7690-helelr-300x183.jpg\" alt=\"IMG_7690 helelr\" width=\"208\" height=\"127\" srcset=\"https:\/\/www.ai-le.de\/wp-content\/uploads\/2016\/08\/IMG_7690-helelr-300x183.jpg 300w, https:\/\/www.ai-le.de\/wp-content\/uploads\/2016\/08\/IMG_7690-helelr-768x470.jpg 768w, https:\/\/www.ai-le.de\/wp-content\/uploads\/2016\/08\/IMG_7690-helelr-1024x626.jpg 1024w\" sizes=\"(max-width: 208px) 100vw, 208px\" \/>Mund auf f\u00fcr Menschlichkeit \u2013 Schweigen war gestern<\/strong><br \/>\nEinen powervollen Abschluss dieser absolut rundum gelungenen, begeisternden\u00a0 bildete die Trommelgruppe Anani des Liederkranz\u2018 Linsenhofen \u2013 das Publikum dankte mit stehendem Applaus!<br \/>\n<em>\u201eDie W\u00fcrde des Menschen ist unantastbar\u201c,<\/em> Monika Heilmann er\u00f6ffnete den Abend mit einem Hinweis auf den Grundgesetzartikel 1, dem alle Menschen in Deutschland verpflichtet sind. Als Beispiel nennt sie die aktuellen \u00c4u\u00dferungen, die gegen den Fu\u00dfballspieler Boateng gerichtet wurden, die mehr als die W\u00fcrde des Menschen angetastet h\u00e4tten, sie sagt, \u201edas ist beleidigend, diskriminierend, diffamierend und menschenverachtend.\u201c Sie fordert ehramtliche Helfer\/innen in der Fl\u00fcchtlingsarbeit auf, ihre Stimme zu erheben und \u201eMund auf f\u00fcr Menschlichkeit\u201c zu praktizieren. Zu meinen und zu sagen, man sei nicht politisch, sei der falsche Weg. Auf der Grundlage des Grundgesetzes sei es wichtig, im Sinne des Grundgesetzes politisch zu denken und zu handeln und f\u00fcr das Einhalten der menschlichen Grundrechte einzutreten. Daf\u00fcr m\u00fcsse niemand Mitglied einer Partei werden, das sei t\u00e4gliche Verpflichtung f\u00fcr ein w\u00fcrdevolles, menschliches Miteinander.<\/p>\n<p><img loading=\"lazy\" decoding=\"async\" class=\"alignnone wp-image-110\" src=\"http:\/\/www.ai-le.de\/wp-content\/uploads\/2016\/05\/SAM_3325-300x135.jpg\" alt=\"SAM_3325\" width=\"342\" height=\"154\" srcset=\"https:\/\/www.ai-le.de\/wp-content\/uploads\/2016\/05\/SAM_3325-300x135.jpg 300w, https:\/\/www.ai-le.de\/wp-content\/uploads\/2016\/05\/SAM_3325-768x346.jpg 768w, https:\/\/www.ai-le.de\/wp-content\/uploads\/2016\/05\/SAM_3325-1024x461.jpg 1024w, https:\/\/www.ai-le.de\/wp-content\/uploads\/2016\/05\/SAM_3325-604x270.jpg 604w\" sizes=\"(max-width: 342px) 100vw, 342px\" \/> \u00a0 <img loading=\"lazy\" decoding=\"async\" class=\" wp-image-105 alignleft\" src=\"http:\/\/www.ai-le.de\/wp-content\/uploads\/2016\/08\/IMG_7611-300x295.jpg\" alt=\"IMG_7611\" width=\"158\" height=\"156\" srcset=\"https:\/\/www.ai-le.de\/wp-content\/uploads\/2016\/08\/IMG_7611-300x295.jpg 300w, https:\/\/www.ai-le.de\/wp-content\/uploads\/2016\/08\/IMG_7611-768x754.jpg 768w, https:\/\/www.ai-le.de\/wp-content\/uploads\/2016\/08\/IMG_7611-1024x1005.jpg 1024w\" sizes=\"(max-width: 158px) 100vw, 158px\" \/><\/p>\n<p>Sabine Asgodom, die Initiatorin von \u201eReden f\u00fcr Menschlichkeit\u201c, rundete mit ihrem Beitrag zum Grundgesetz Artikel 3 <em>\u201eNiemand darf wegen seines Geschlechtes, seiner Abstammung, seiner Rasse, seiner Sprache, seiner Heimat und Herkunft, seines Glaubens, seiner religi\u00f6sen oder politischen Anschauen benachteiligt oder bevorzugt werden. Niemand darf wegen seiner Behinderung benachteiligt werden\u201c, <\/em>den Abend ab. Sie pl\u00e4dierte f\u00fcr Mut zur Haltung und f\u00fcr ein aktives \u201esich Einsetzen\u201c f\u00fcr andere Menschen, gleichg\u00fcltig, ob es sich um Menschen mit einer anderen Hautfarbe handelt oder um behinderte Menschen. Sabine Asgodom pl\u00e4diert f\u00fcr Differenzierung, das hei\u00dft f\u00fcr sie, es ertragen zu k\u00f6nnen, dass Menschen anders aussehen.<br \/>\nRedner und Rednerinnen sowie K\u00fcnstler pl\u00e4diertem mit Herzblut an diesem Abend f\u00fcr bewusstes Denken und f\u00fcr ein couragiertes ehrenamtliches, freiwilliges Engagement f\u00fcr andere Menschen. \u201eLass Dein Licht erstrahlen\u201c \u2013 Professor Dr. Thomas Schwartz, Priester und TV-Moderator, sprach als Ethiker \u00fcber die Toleranz und W\u00fcrde der Menschen. Dort, wo beides abgelehnt und bek\u00e4mpft w\u00fcrde, beginne Unmenschlichkeit. Wo die W\u00fcrde eines jeden Menschen abgelehnt und Toleranz bek\u00e4mpft w\u00fcrde, sei von Vernunft keine Spur. Da herrsche dann nur noch Dummheit.<\/p>\n","protected":false},"excerpt":{"rendered":"<p>Bei der Veranstaltung &#8222;Mund auf\u00a0 f\u00fcr Menschlichkeit &#8211; Schweigen war gestern&#8220; in der Filderhalle Leinfelden am 14. Juni 2016 waren ca. 200 G\u00e4ste anwesend. Zuschauer Diethelm Boldt, Pr\u00e4sident Freelancer International e.V.: \u201eIch<a class=\"moretag\" href=\"https:\/\/www.ai-le.de\/?p=1\">Read More&#8230;<\/a><\/p>\n","protected":false},"author":1,"featured_media":0,"comment_status":"open","ping_status":"open","sticky":false,"template":"","format":"gallery","meta":{"footnotes":""},"categories":[1],"tags":[],"_links":{"self":[{"href":"https:\/\/www.ai-le.de\/index.php?rest_route=\/wp\/v2\/posts\/1"}],"collection":[{"href":"https:\/\/www.ai-le.de\/index.php?rest_route=\/wp\/v2\/posts"}],"about":[{"href":"https:\/\/www.ai-le.de\/index.php?rest_route=\/wp\/v2\/types\/post"}],"author":[{"embeddable":true,"href":"https:\/\/www.ai-le.de\/index.php?rest_route=\/wp\/v2\/users\/1"}],"replies":[{"embeddable":true,"href":"https:\/\/www.ai-le.de\/index.php?rest_route=%2Fwp%2Fv2%2Fcomments&post=1"}],"version-history":[{"count":10,"href":"https:\/\/www.ai-le.de\/index.php?rest_route=\/wp\/v2\/posts\/1\/revisions"}],"predecessor-version":[{"id":111,"href":"https:\/\/www.ai-le.de\/index.php?rest_route=\/wp\/v2\/posts\/1\/revisions\/111"}],"wp:attachment":[{"href":"https:\/\/www.ai-le.de\/index.php?rest_route=%2Fwp%2Fv2%2Fmedia&parent=1"}],"wp:term":[{"taxonomy":"category","embeddable":true,"href":"https:\/\/www.ai-le.de\/index.php?rest_route=%2Fwp%2Fv2%2Fcategories&post=1"},{"taxonomy":"post_tag","embeddable":true,"href":"https:\/\/www.ai-le.de\/index.php?rest_route=%2Fwp%2Fv2%2Ftags&post=1"}],"curies":[{"name":"wp","href":"https:\/\/api.w.org\/{rel}","templated":true}]}}